{"id":1029,"date":"2017-11-22T15:51:33","date_gmt":"2017-11-22T14:51:33","guid":{"rendered":"http:\/\/sia.regione.liguria.it\/?p=1029"},"modified":"2023-08-01T12:05:01","modified_gmt":"2023-08-01T10:05:01","slug":"pubblicazioni-altro","status":"publish","type":"post","link":"https:\/\/sia.regione.liguria.it\/index.php\/pubblicazioni-altro\/","title":{"rendered":"Altre pubblicazioni"},"content":{"rendered":"<p><span class=\"txt-nero11\">In questa sezione sono raccolti libri, documenti, articoli, presentazioni e quant\u2019altro di interesse generale e specialistico.<\/span><\/p>\n<p>Agli utenti \u00e8 permesso l\u2019accesso completo all\u2019Agriteka, la ricerca di tutti i documenti di loro interesse e relativo download in base ai filtri impostati.<\/p>\n<p>Si ricorda che tutti i diritti di documenti o immagini contenuti in tale sezione sono propriet\u00e0 esclusiva degli autori originari. Pertanto non ne \u00e8 consentito alcun uso a scopi commerciali ed \u00e8 vietato ogni genere di mirroring (duplicazione) su altri siti se non previa autorizzazione.<\/p>\n<p>Gli utenti inoltre possono contribuire all\u2019ampliamento della sezione fornendo alla redazione SIA il materiale che desiderano pubblicare.\u00a0 Per ogni informazione contattaci a caarservizi@regione.liguria.it<\/p>\n<p style=\"text-align: center;\"><span style=\"color: #008000;\"><strong>\u21d2Clicca qui per visualizzare le pubblicazioni della sezione &#8212; in manutenzione<\/strong><\/span><\/p>\n<p><img loading=\"lazy\" decoding=\"async\" src=\"http:\/\/sima.liguriainrete.it\/LaRaf\/sima\/agriteka\/ImmaginiHome\/spacer.gif\" alt=\"\" width=\"2\" height=\"2\" \/><img loading=\"lazy\" decoding=\"async\" src=\"http:\/\/sima.liguriainrete.it\/LaRaf\/sima\/agriteka\/ImmaginiHome\/spacer.gif\" alt=\"\" width=\"2\" height=\"2\" \/><\/p>\n","protected":false},"excerpt":{"rendered":"<p>In questa sezione sono raccolti libri, documenti, articoli, presentazioni e quant\u2019altro di interesse generale e specialistico. Agli utenti \u00e8 permesso l\u2019accesso completo all\u2019Agriteka, la ricerca di tutti i documenti di loro interesse e relativo download ...<\/p>\n","protected":false},"author":1,"featured_media":0,"comment_status":"closed","ping_status":"open","sticky":false,"template":"","format":"standard","meta":{"footnotes":""},"categories":[12,21,6,19,20,1],"tags":[],"class_list":["post-1029","post","type-post","status-publish","format-standard","hentry","category-agricoltura","category-libri","category-olivicoltura","category-pubblicazioni","category-riviste","category-vite"],"yoast_head":"<!-- This site is optimized with the Yoast SEO plugin v24.0 - https:\/\/yoast.com\/wordpress\/plugins\/seo\/ -->\n<title>Altre pubblicazioni -<\/title>\n<meta name=\"robots\" content=\"index, follow, max-snippet:-1, max-image-preview:large, max-video-preview:-1\" \/>\n<link rel=\"canonical\" href=\"https:\/\/sia.regione.liguria.it\/index.php\/pubblicazioni-altro\/\" \/>\n<meta property=\"og:locale\" content=\"it_IT\" \/>\n<meta property=\"og:type\" content=\"article\" \/>\n<meta property=\"og:title\" content=\"Altre pubblicazioni -\" \/>\n<meta property=\"og:description\" content=\"In questa sezione sono raccolti libri, documenti, articoli, presentazioni e quant\u2019altro di interesse generale e specialistico. Agli utenti \u00e8 permesso l\u2019accesso completo all\u2019Agriteka, la ricerca di tutti i documenti di loro interesse e relativo download [&hellip;]\" \/>\n<meta property=\"og:url\" content=\"https:\/\/sia.regione.liguria.it\/index.php\/pubblicazioni-altro\/\" \/>\n<meta property=\"article:publisher\" content=\"https:\/\/facebook.com\/agriligurianet\/\" \/>\n<meta property=\"article:published_time\" content=\"2017-11-22T14:51:33+00:00\" \/>\n<meta property=\"article:modified_time\" content=\"2023-08-01T10:05:01+00:00\" \/>\n<meta property=\"og:image\" content=\"http:\/\/sima.liguriainrete.it\/LaRaf\/sima\/agriteka\/ImmaginiHome\/spacer.gif\" \/>\n<meta name=\"author\" content=\"marylo\" \/>\n<meta name=\"twitter:card\" content=\"summary_large_image\" \/>\n<meta name=\"twitter:creator\" content=\"@caarservizi\" \/>\n<meta name=\"twitter:site\" content=\"@caarservizi\" \/>\n<meta name=\"twitter:label1\" content=\"Scritto da\" \/>\n\t<meta name=\"twitter:data1\" content=\"marylo\" \/>\n\t<meta name=\"twitter:label2\" content=\"Tempo di lettura stimato\" \/>\n\t<meta name=\"twitter:data2\" content=\"2 minuti\" \/>\n<script type=\"application\/ld+json\" class=\"yoast-schema-graph\">{\"@context\":\"https:\/\/schema.org\",\"@graph\":[{\"@type\":\"Article\",\"@id\":\"https:\/\/sia.regione.liguria.it\/index.php\/pubblicazioni-altro\/#article\",\"isPartOf\":{\"@id\":\"https:\/\/sia.regione.liguria.it\/index.php\/pubblicazioni-altro\/\"},\"author\":{\"name\":\"marylo\",\"@id\":\"https:\/\/sia.regione.liguria.it\/#\/schema\/person\/1dc81392e309bfe46394af688525c370\"},\"headline\":\"Altre pubblicazioni\",\"datePublished\":\"2017-11-22T14:51:33+00:00\",\"dateModified\":\"2023-08-01T10:05:01+00:00\",\"mainEntityOfPage\":{\"@id\":\"https:\/\/sia.regione.liguria.it\/index.php\/pubblicazioni-altro\/\"},\"wordCount\":125,\"publisher\":{\"@id\":\"https:\/\/sia.regione.liguria.it\/#organization\"},\"image\":{\"@id\":\"https:\/\/sia.regione.liguria.it\/index.php\/pubblicazioni-altro\/#primaryimage\"},\"thumbnailUrl\":\"http:\/\/sima.liguriainrete.it\/LaRaf\/sima\/agriteka\/ImmaginiHome\/spacer.gif\",\"articleSection\":[\"agricoltura\",\"libri\",\"olivicoltura\",\"pubblicazioni\",\"riviste\",\"viticoltura\"],\"inLanguage\":\"it-IT\"},{\"@type\":\"WebPage\",\"@id\":\"https:\/\/sia.regione.liguria.it\/index.php\/pubblicazioni-altro\/\",\"url\":\"https:\/\/sia.regione.liguria.it\/index.php\/pubblicazioni-altro\/\",\"name\":\"Altre pubblicazioni -\",\"isPartOf\":{\"@id\":\"https:\/\/sia.regione.liguria.it\/#website\"},\"primaryImageOfPage\":{\"@id\":\"https:\/\/sia.regione.liguria.it\/index.php\/pubblicazioni-altro\/#primaryimage\"},\"image\":{\"@id\":\"https:\/\/sia.regione.liguria.it\/index.php\/pubblicazioni-altro\/#primaryimage\"},\"thumbnailUrl\":\"http:\/\/sima.liguriainrete.it\/LaRaf\/sima\/agriteka\/ImmaginiHome\/spacer.gif\",\"datePublished\":\"2017-11-22T14:51:33+00:00\",\"dateModified\":\"2023-08-01T10:05:01+00:00\",\"breadcrumb\":{\"@id\":\"https:\/\/sia.regione.liguria.it\/index.php\/pubblicazioni-altro\/#breadcrumb\"},\"inLanguage\":\"it-IT\",\"potentialAction\":[{\"@type\":\"ReadAction\",\"target\":[\"https:\/\/sia.regione.liguria.it\/index.php\/pubblicazioni-altro\/\"]}]},{\"@type\":\"ImageObject\",\"inLanguage\":\"it-IT\",\"@id\":\"https:\/\/sia.regione.liguria.it\/index.php\/pubblicazioni-altro\/#primaryimage\",\"url\":\"http:\/\/sima.liguriainrete.it\/LaRaf\/sima\/agriteka\/ImmaginiHome\/spacer.gif\",\"contentUrl\":\"http:\/\/sima.liguriainrete.it\/LaRaf\/sima\/agriteka\/ImmaginiHome\/spacer.gif\"},{\"@type\":\"BreadcrumbList\",\"@id\":\"https:\/\/sia.regione.liguria.it\/index.php\/pubblicazioni-altro\/#breadcrumb\",\"itemListElement\":[{\"@type\":\"ListItem\",\"position\":1,\"name\":\"Home\",\"item\":\"https:\/\/sia.regione.liguria.it\/\"},{\"@type\":\"ListItem\",\"position\":2,\"name\":\"agricoltura\",\"item\":\"https:\/\/sia.regione.liguria.it\/index.php\/category\/agricoltura\/\"},{\"@type\":\"ListItem\",\"position\":3,\"name\":\"Altre pubblicazioni\"}]},{\"@type\":\"WebSite\",\"@id\":\"https:\/\/sia.regione.liguria.it\/#website\",\"url\":\"https:\/\/sia.regione.liguria.it\/\",\"name\":\"\",\"description\":\"Servizi Imprese Agricole\",\"publisher\":{\"@id\":\"https:\/\/sia.regione.liguria.it\/#organization\"},\"potentialAction\":[{\"@type\":\"SearchAction\",\"target\":{\"@type\":\"EntryPoint\",\"urlTemplate\":\"https:\/\/sia.regione.liguria.it\/?s={search_term_string}\"},\"query-input\":{\"@type\":\"PropertyValueSpecification\",\"valueRequired\":true,\"valueName\":\"search_term_string\"}}],\"inLanguage\":\"it-IT\"},{\"@type\":\"Organization\",\"@id\":\"https:\/\/sia.regione.liguria.it\/#organization\",\"name\":\"REGIONE LIGURIA - SIA - SERVIZI IMPRESE AGRICOLE\",\"url\":\"https:\/\/sia.regione.liguria.it\/\",\"logo\":{\"@type\":\"ImageObject\",\"inLanguage\":\"it-IT\",\"@id\":\"https:\/\/sia.regione.liguria.it\/#\/schema\/logo\/image\/\",\"url\":\"https:\/\/sia.regione.liguria.it\/wp-content\/uploads\/2018\/05\/SIA-LOGO.png\",\"contentUrl\":\"https:\/\/sia.regione.liguria.it\/wp-content\/uploads\/2018\/05\/SIA-LOGO.png\",\"width\":500,\"height\":500,\"caption\":\"REGIONE LIGURIA - SIA - SERVIZI IMPRESE AGRICOLE\"},\"image\":{\"@id\":\"https:\/\/sia.regione.liguria.it\/#\/schema\/logo\/image\/\"},\"sameAs\":[\"https:\/\/facebook.com\/agriligurianet\/\",\"https:\/\/x.com\/caarservizi\",\"https:\/\/www.youtube.com\/playlist?list=PL0Fy3X4UWhVSOnaKC_rP_zAtshxMoGyrD\"]},{\"@type\":\"Person\",\"@id\":\"https:\/\/sia.regione.liguria.it\/#\/schema\/person\/1dc81392e309bfe46394af688525c370\",\"name\":\"marylo\",\"image\":{\"@type\":\"ImageObject\",\"inLanguage\":\"it-IT\",\"@id\":\"https:\/\/sia.regione.liguria.it\/#\/schema\/person\/image\/\",\"url\":\"https:\/\/secure.gravatar.com\/avatar\/e2a1145abdc1518655fe8e5d6746735e?s=96&d=mm&r=g\",\"contentUrl\":\"https:\/\/secure.gravatar.com\/avatar\/e2a1145abdc1518655fe8e5d6746735e?s=96&d=mm&r=g\",\"caption\":\"marylo\"},\"url\":\"https:\/\/sia.regione.liguria.it\/index.php\/author\/marylo\/\"}]}<\/script>\n<!-- \/ Yoast SEO plugin. -->","yoast_head_json":{"title":"Altre pubblicazioni -","robots":{"index":"index","follow":"follow","max-snippet":"max-snippet:-1","max-image-preview":"max-image-preview:large","max-video-preview":"max-video-preview:-1"},"canonical":"https:\/\/sia.regione.liguria.it\/index.php\/pubblicazioni-altro\/","og_locale":"it_IT","og_type":"article","og_title":"Altre pubblicazioni -","og_description":"In questa sezione sono raccolti libri, documenti, articoli, presentazioni e quant\u2019altro di interesse generale e specialistico. Agli utenti \u00e8 permesso l\u2019accesso completo all\u2019Agriteka, la ricerca di tutti i documenti di loro interesse e relativo download [&hellip;]","og_url":"https:\/\/sia.regione.liguria.it\/index.php\/pubblicazioni-altro\/","article_publisher":"https:\/\/facebook.com\/agriligurianet\/","article_published_time":"2017-11-22T14:51:33+00:00","article_modified_time":"2023-08-01T10:05:01+00:00","og_image":[{"url":"http:\/\/sima.liguriainrete.it\/LaRaf\/sima\/agriteka\/ImmaginiHome\/spacer.gif","type":"","width":"","height":""}],"author":"marylo","twitter_card":"summary_large_image","twitter_creator":"@caarservizi","twitter_site":"@caarservizi","twitter_misc":{"Scritto da":"marylo","Tempo di lettura stimato":"2 minuti"},"schema":{"@context":"https:\/\/schema.org","@graph":[{"@type":"Article","@id":"https:\/\/sia.regione.liguria.it\/index.php\/pubblicazioni-altro\/#article","isPartOf":{"@id":"https:\/\/sia.regione.liguria.it\/index.php\/pubblicazioni-altro\/"},"author":{"name":"marylo","@id":"https:\/\/sia.regione.liguria.it\/#\/schema\/person\/1dc81392e309bfe46394af688525c370"},"headline":"Altre pubblicazioni","datePublished":"2017-11-22T14:51:33+00:00","dateModified":"2023-08-01T10:05:01+00:00","mainEntityOfPage":{"@id":"https:\/\/sia.regione.liguria.it\/index.php\/pubblicazioni-altro\/"},"wordCount":125,"publisher":{"@id":"https:\/\/sia.regione.liguria.it\/#organization"},"image":{"@id":"https:\/\/sia.regione.liguria.it\/index.php\/pubblicazioni-altro\/#primaryimage"},"thumbnailUrl":"http:\/\/sima.liguriainrete.it\/LaRaf\/sima\/agriteka\/ImmaginiHome\/spacer.gif","articleSection":["agricoltura","libri","olivicoltura","pubblicazioni","riviste","viticoltura"],"inLanguage":"it-IT"},{"@type":"WebPage","@id":"https:\/\/sia.regione.liguria.it\/index.php\/pubblicazioni-altro\/","url":"https:\/\/sia.regione.liguria.it\/index.php\/pubblicazioni-altro\/","name":"Altre pubblicazioni -","isPartOf":{"@id":"https:\/\/sia.regione.liguria.it\/#website"},"primaryImageOfPage":{"@id":"https:\/\/sia.regione.liguria.it\/index.php\/pubblicazioni-altro\/#primaryimage"},"image":{"@id":"https:\/\/sia.regione.liguria.it\/index.php\/pubblicazioni-altro\/#primaryimage"},"thumbnailUrl":"http:\/\/sima.liguriainrete.it\/LaRaf\/sima\/agriteka\/ImmaginiHome\/spacer.gif","datePublished":"2017-11-22T14:51:33+00:00","dateModified":"2023-08-01T10:05:01+00:00","breadcrumb":{"@id":"https:\/\/sia.regione.liguria.it\/index.php\/pubblicazioni-altro\/#breadcrumb"},"inLanguage":"it-IT","potentialAction":[{"@type":"ReadAction","target":["https:\/\/sia.regione.liguria.it\/index.php\/pubblicazioni-altro\/"]}]},{"@type":"ImageObject","inLanguage":"it-IT","@id":"https:\/\/sia.regione.liguria.it\/index.php\/pubblicazioni-altro\/#primaryimage","url":"http:\/\/sima.liguriainrete.it\/LaRaf\/sima\/agriteka\/ImmaginiHome\/spacer.gif","contentUrl":"http:\/\/sima.liguriainrete.it\/LaRaf\/sima\/agriteka\/ImmaginiHome\/spacer.gif"},{"@type":"BreadcrumbList","@id":"https:\/\/sia.regione.liguria.it\/index.php\/pubblicazioni-altro\/#breadcrumb","itemListElement":[{"@type":"ListItem","position":1,"name":"Home","item":"https:\/\/sia.regione.liguria.it\/"},{"@type":"ListItem","position":2,"name":"agricoltura","item":"https:\/\/sia.regione.liguria.it\/index.php\/category\/agricoltura\/"},{"@type":"ListItem","position":3,"name":"Altre pubblicazioni"}]},{"@type":"WebSite","@id":"https:\/\/sia.regione.liguria.it\/#website","url":"https:\/\/sia.regione.liguria.it\/","name":"","description":"Servizi Imprese Agricole","publisher":{"@id":"https:\/\/sia.regione.liguria.it\/#organization"},"potentialAction":[{"@type":"SearchAction","target":{"@type":"EntryPoint","urlTemplate":"https:\/\/sia.regione.liguria.it\/?s={search_term_string}"},"query-input":{"@type":"PropertyValueSpecification","valueRequired":true,"valueName":"search_term_string"}}],"inLanguage":"it-IT"},{"@type":"Organization","@id":"https:\/\/sia.regione.liguria.it\/#organization","name":"REGIONE LIGURIA - SIA - SERVIZI IMPRESE AGRICOLE","url":"https:\/\/sia.regione.liguria.it\/","logo":{"@type":"ImageObject","inLanguage":"it-IT","@id":"https:\/\/sia.regione.liguria.it\/#\/schema\/logo\/image\/","url":"https:\/\/sia.regione.liguria.it\/wp-content\/uploads\/2018\/05\/SIA-LOGO.png","contentUrl":"https:\/\/sia.regione.liguria.it\/wp-content\/uploads\/2018\/05\/SIA-LOGO.png","width":500,"height":500,"caption":"REGIONE LIGURIA - SIA - SERVIZI IMPRESE AGRICOLE"},"image":{"@id":"https:\/\/sia.regione.liguria.it\/#\/schema\/logo\/image\/"},"sameAs":["https:\/\/facebook.com\/agriligurianet\/","https:\/\/x.com\/caarservizi","https:\/\/www.youtube.com\/playlist?list=PL0Fy3X4UWhVSOnaKC_rP_zAtshxMoGyrD"]},{"@type":"Person","@id":"https:\/\/sia.regione.liguria.it\/#\/schema\/person\/1dc81392e309bfe46394af688525c370","name":"marylo","image":{"@type":"ImageObject","inLanguage":"it-IT","@id":"https:\/\/sia.regione.liguria.it\/#\/schema\/person\/image\/","url":"https:\/\/secure.gravatar.com\/avatar\/e2a1145abdc1518655fe8e5d6746735e?s=96&d=mm&r=g","contentUrl":"https:\/\/secure.gravatar.com\/avatar\/e2a1145abdc1518655fe8e5d6746735e?s=96&d=mm&r=g","caption":"marylo"},"url":"https:\/\/sia.regione.liguria.it\/index.php\/author\/marylo\/"}]}},"_links":{"self":[{"href":"https:\/\/sia.regione.liguria.it\/index.php\/wp-json\/wp\/v2\/posts\/1029","targetHints":{"allow":["GET"]}}],"collection":[{"href":"https:\/\/sia.regione.liguria.it\/index.php\/wp-json\/wp\/v2\/posts"}],"about":[{"href":"https:\/\/sia.regione.liguria.it\/index.php\/wp-json\/wp\/v2\/types\/post"}],"author":[{"embeddable":true,"href":"https:\/\/sia.regione.liguria.it\/index.php\/wp-json\/wp\/v2\/users\/1"}],"replies":[{"embeddable":true,"href":"https:\/\/sia.regione.liguria.it\/index.php\/wp-json\/wp\/v2\/comments?post=1029"}],"version-history":[{"count":7,"href":"https:\/\/sia.regione.liguria.it\/index.php\/wp-json\/wp\/v2\/posts\/1029\/revisions"}],"predecessor-version":[{"id":3129,"href":"https:\/\/sia.regione.liguria.it\/index.php\/wp-json\/wp\/v2\/posts\/1029\/revisions\/3129"}],"wp:attachment":[{"href":"https:\/\/sia.regione.liguria.it\/index.php\/wp-json\/wp\/v2\/media?parent=1029"}],"wp:term":[{"taxonomy":"category","embeddable":true,"href":"https:\/\/sia.regione.liguria.it\/index.php\/wp-json\/wp\/v2\/categories?post=1029"},{"taxonomy":"post_tag","embeddable":true,"href":"https:\/\/sia.regione.liguria.it\/index.php\/wp-json\/wp\/v2\/tags?post=1029"}],"curies":[{"name":"wp","href":"https:\/\/api.w.org\/{rel}","templated":true}]}}